{"id":16365,"date":"2024-05-08T09:47:07","date_gmt":"2024-05-08T09:47:07","guid":{"rendered":"https:\/\/cecasfundacio.cat\/?p=2909"},"modified":"2024-06-25T11:27:02","modified_gmt":"2024-06-25T11:27:02","slug":"reunio-de-cecas-amb-la-cet","status":"publish","type":"post","link":"https:\/\/cecasfundacio.cat\/es_es\/blog\/reunio-de-cecas-amb-la-cet","title":{"rendered":"Reuni\u00f3 de CECAS amb la CET"},"content":{"rendered":"<div data-elementor-type=\"wp-post\" data-elementor-id=\"16365\" class=\"elementor elementor-16365\">\n\t\t\t\t\t\t<section class=\"elementor-section elementor-top-section elementor-element elementor-element-6bf1f1a4 elementor-section-stretched elementor-section-boxed elementor-section-height-default elementor-section-height-default\" data-id=\"6bf1f1a4\" data-element_type=\"section\" data-e-type=\"section\" data-settings=\"{&quot;stretch_section&quot;:&quot;section-stretched&quot;,&quot;background_background&quot;:&quot;classic&quot;}\">\n\t\t\t\t\t\t<div class=\"elementor-container elementor-column-gap-default\">\n\t\t\t\t\t<div class=\"elementor-column elementor-col-100 elementor-top-column elementor-element elementor-element-3c7224f4\" data-id=\"3c7224f4\" data-element_type=\"column\" data-e-type=\"column\">\n\t\t\t<div class=\"elementor-widget-wrap elementor-element-populated\">\n\t\t\t\t\t\t<div class=\"elementor-element elementor-element-395d8214 elementor-widget elementor-widget-heading\" data-id=\"395d8214\" data-element_type=\"widget\" data-e-type=\"widget\" data-widget_type=\"heading.default\">\n\t\t\t\t<div class=\"elementor-widget-container\">\n\t\t\t\t\t<h1 class=\"elementor-heading-title elementor-size-default\">Blog<\/h1>\t\t\t\t<\/div>\n\t\t\t\t<\/div>\n\t\t\t\t\t<\/div>\n\t\t<\/div>\n\t\t\t\t\t<\/div>\n\t\t<\/section>\n\t\t<div class=\"elementor-element elementor-element-169671b7 e-flex e-con-boxed e-con e-parent\" data-id=\"169671b7\" data-element_type=\"container\" data-e-type=\"container\">\n\t\t\t\t\t<div class=\"e-con-inner\">\n\t\t<div class=\"elementor-element elementor-element-46586566 e-con-full e-flex e-con e-child\" data-id=\"46586566\" data-element_type=\"container\" data-e-type=\"container\" data-settings=\"{&quot;background_background&quot;:&quot;classic&quot;}\">\n\t\t\t\t<\/div>\n\t\t<div class=\"elementor-element elementor-element-15b7c451 e-con-full e-flex e-con e-child\" data-id=\"15b7c451\" data-element_type=\"container\" data-e-type=\"container\" data-settings=\"{&quot;background_background&quot;:&quot;classic&quot;}\">\n\t\t\t\t<div class=\"elementor-element elementor-element-7e715bab elementor-widget elementor-widget-heading\" data-id=\"7e715bab\" data-element_type=\"widget\" data-e-type=\"widget\" data-widget_type=\"heading.default\">\n\t\t\t\t<div class=\"elementor-widget-container\">\n\t\t\t\t\t<h3 class=\"elementor-heading-title elementor-size-default\">GALER\u00cdA DE IM\u00c1GENES<\/h3>\t\t\t\t<\/div>\n\t\t\t\t<\/div>\n\t\t\t\t<div class=\"elementor-element elementor-element-2ee15a4c elementor-arrows-position-inside elementor-pagination-position-outside elementor-widget elementor-widget-image-carousel\" data-id=\"2ee15a4c\" data-element_type=\"widget\" data-e-type=\"widget\" data-settings=\"{&quot;slides_to_show&quot;:&quot;3&quot;,&quot;image_spacing_custom&quot;:{&quot;unit&quot;:&quot;px&quot;,&quot;size&quot;:5,&quot;sizes&quot;:[]},&quot;slides_to_scroll&quot;:&quot;1&quot;,&quot;navigation&quot;:&quot;both&quot;,&quot;autoplay&quot;:&quot;yes&quot;,&quot;pause_on_hover&quot;:&quot;yes&quot;,&quot;pause_on_interaction&quot;:&quot;yes&quot;,&quot;autoplay_speed&quot;:5000,&quot;infinite&quot;:&quot;yes&quot;,&quot;speed&quot;:500,&quot;image_spacing_custom_tablet&quot;:{&quot;unit&quot;:&quot;px&quot;,&quot;size&quot;:&quot;&quot;,&quot;sizes&quot;:[]},&quot;image_spacing_custom_mobile&quot;:{&quot;unit&quot;:&quot;px&quot;,&quot;size&quot;:&quot;&quot;,&quot;sizes&quot;:[]}}\" data-widget_type=\"image-carousel.default\">\n\t\t\t\t<div class=\"elementor-widget-container\">\n\t\t\t\t\t\t\t<div class=\"elementor-image-carousel-wrapper swiper\" role=\"region\" aria-roledescription=\"carousel\" aria-label=\"Carrusel d&#039;imatges\" dir=\"ltr\">\n\t\t\t<div class=\"elementor-image-carousel swiper-wrapper\" aria-live=\"off\">\n\t\t\t\t\t\t\t\t<div class=\"swiper-slide\" role=\"group\" aria-roledescription=\"slide\" aria-label=\"1 de 5\"><a data-elementor-open-lightbox=\"yes\" data-elementor-lightbox-slideshow=\"2ee15a4c\" data-elementor-lightbox-title=\"Reunio-CETn_255-001\" data-e-action-hash=\"#elementor-action%3Aaction%3Dlightbox%26settings%3DeyJpZCI6MTYzNzAsInVybCI6Imh0dHBzOlwvXC9jZWNhc2Z1bmRhY2lvLmNhdFwvd3AtY29udGVudFwvdXBsb2Fkc1wvMjAyNFwvMDVcL1JldW5pby1DRVRuXzI1NS0wMDEuanBnIiwic2xpZGVzaG93IjoiMmVlMTVhNGMifQ%3D%3D\" href=\"https:\/\/cecasfundacio.cat\/wp-content\/uploads\/2024\/05\/Reunio-CETn_255-001.jpg\"><figure class=\"swiper-slide-inner\"><img decoding=\"async\" class=\"swiper-slide-image\" src=\"https:\/\/cecasfundacio.cat\/wp-content\/uploads\/2024\/05\/Reunio-CETn_255-001-150x150.jpg\" alt=\"Reunio-CETn_255-001\" \/><\/figure><\/a><\/div><div class=\"swiper-slide\" role=\"group\" aria-roledescription=\"slide\" aria-label=\"2 de 5\"><a data-elementor-open-lightbox=\"yes\" data-elementor-lightbox-slideshow=\"2ee15a4c\" data-elementor-lightbox-title=\"Reunio-CETn_255-002\" data-e-action-hash=\"#elementor-action%3Aaction%3Dlightbox%26settings%3DeyJpZCI6MTYzNjksInVybCI6Imh0dHBzOlwvXC9jZWNhc2Z1bmRhY2lvLmNhdFwvd3AtY29udGVudFwvdXBsb2Fkc1wvMjAyNFwvMDVcL1JldW5pby1DRVRuXzI1NS0wMDIuanBnIiwic2xpZGVzaG93IjoiMmVlMTVhNGMifQ%3D%3D\" href=\"https:\/\/cecasfundacio.cat\/wp-content\/uploads\/2024\/05\/Reunio-CETn_255-002.jpg\"><figure class=\"swiper-slide-inner\"><img decoding=\"async\" class=\"swiper-slide-image\" src=\"https:\/\/cecasfundacio.cat\/wp-content\/uploads\/2024\/05\/Reunio-CETn_255-002-150x150.jpg\" alt=\"Reunio-CETn_255-002\" \/><\/figure><\/a><\/div><div class=\"swiper-slide\" role=\"group\" aria-roledescription=\"slide\" aria-label=\"3 de 5\"><a data-elementor-open-lightbox=\"yes\" data-elementor-lightbox-slideshow=\"2ee15a4c\" data-elementor-lightbox-title=\"Reunio-CETn_255-003\" data-e-action-hash=\"#elementor-action%3Aaction%3Dlightbox%26settings%3DeyJpZCI6MTYzNjgsInVybCI6Imh0dHBzOlwvXC9jZWNhc2Z1bmRhY2lvLmNhdFwvd3AtY29udGVudFwvdXBsb2Fkc1wvMjAyNFwvMDVcL1JldW5pby1DRVRuXzI1NS0wMDMuanBnIiwic2xpZGVzaG93IjoiMmVlMTVhNGMifQ%3D%3D\" href=\"https:\/\/cecasfundacio.cat\/wp-content\/uploads\/2024\/05\/Reunio-CETn_255-003.jpg\"><figure class=\"swiper-slide-inner\"><img decoding=\"async\" class=\"swiper-slide-image\" src=\"https:\/\/cecasfundacio.cat\/wp-content\/uploads\/2024\/05\/Reunio-CETn_255-003-150x150.jpg\" alt=\"Reunio-CETn_255-003\" \/><\/figure><\/a><\/div><div class=\"swiper-slide\" role=\"group\" aria-roledescription=\"slide\" aria-label=\"4 de 5\"><a data-elementor-open-lightbox=\"yes\" data-elementor-lightbox-slideshow=\"2ee15a4c\" data-elementor-lightbox-title=\"Reunio-CETn_255-005\" data-e-action-hash=\"#elementor-action%3Aaction%3Dlightbox%26settings%3DeyJpZCI6MTYzNjcsInVybCI6Imh0dHBzOlwvXC9jZWNhc2Z1bmRhY2lvLmNhdFwvd3AtY29udGVudFwvdXBsb2Fkc1wvMjAyNFwvMDVcL1JldW5pby1DRVRuXzI1NS0wMDUuanBnIiwic2xpZGVzaG93IjoiMmVlMTVhNGMifQ%3D%3D\" href=\"https:\/\/cecasfundacio.cat\/wp-content\/uploads\/2024\/05\/Reunio-CETn_255-005.jpg\"><figure class=\"swiper-slide-inner\"><img decoding=\"async\" class=\"swiper-slide-image\" src=\"https:\/\/cecasfundacio.cat\/wp-content\/uploads\/2024\/05\/Reunio-CETn_255-005-150x150.jpg\" alt=\"Reunio-CETn_255-005\" \/><\/figure><\/a><\/div><div class=\"swiper-slide\" role=\"group\" aria-roledescription=\"slide\" aria-label=\"5 de 5\"><a data-elementor-open-lightbox=\"yes\" data-elementor-lightbox-slideshow=\"2ee15a4c\" data-elementor-lightbox-title=\"Reunio-CETn_255-006\" data-e-action-hash=\"#elementor-action%3Aaction%3Dlightbox%26settings%3DeyJpZCI6MTYzNjYsInVybCI6Imh0dHBzOlwvXC9jZWNhc2Z1bmRhY2lvLmNhdFwvd3AtY29udGVudFwvdXBsb2Fkc1wvMjAyNFwvMDVcL1JldW5pby1DRVRuXzI1NS0wMDYuanBnIiwic2xpZGVzaG93IjoiMmVlMTVhNGMifQ%3D%3D\" href=\"https:\/\/cecasfundacio.cat\/wp-content\/uploads\/2024\/05\/Reunio-CETn_255-006.jpg\"><figure class=\"swiper-slide-inner\"><img decoding=\"async\" class=\"swiper-slide-image\" src=\"https:\/\/cecasfundacio.cat\/wp-content\/uploads\/2024\/05\/Reunio-CETn_255-006-150x150.jpg\" alt=\"Reunio-CETn_255-006\" \/><\/figure><\/a><\/div>\t\t\t<\/div>\n\t\t\t\t\t\t\t\t\t\t\t\t<div class=\"elementor-swiper-button elementor-swiper-button-prev\" role=\"button\" tabindex=\"0\">\n\t\t\t\t\t\t<svg aria-hidden=\"true\" class=\"e-font-icon-svg e-eicon-chevron-left\" viewbox=\"0 0 1000 1000\" xmlns=\"http:\/\/www.w3.org\/2000\/svg\"><path d=\"M646 125C629 125 613 133 604 142L308 442C296 454 292 471 292 487 292 504 296 521 308 533L604 854C617 867 629 875 646 875 663 875 679 871 692 858 704 846 713 829 713 812 713 796 708 779 692 767L438 487 692 225C700 217 708 204 708 187 708 171 704 154 692 142 675 129 663 125 646 125Z\"><\/path><\/svg>\t\t\t\t\t<\/div>\n\t\t\t\t\t<div class=\"elementor-swiper-button elementor-swiper-button-next\" role=\"button\" tabindex=\"0\">\n\t\t\t\t\t\t<svg aria-hidden=\"true\" class=\"e-font-icon-svg e-eicon-chevron-right\" viewbox=\"0 0 1000 1000\" xmlns=\"http:\/\/www.w3.org\/2000\/svg\"><path d=\"M696 533C708 521 713 504 713 487 713 471 708 454 696 446L400 146C388 133 375 125 354 125 338 125 325 129 313 142 300 154 292 171 292 187 292 204 296 221 308 233L563 492 304 771C292 783 288 800 288 817 288 833 296 850 308 863 321 871 338 875 354 875 371 875 388 867 400 854L696 533Z\"><\/path><\/svg>\t\t\t\t\t<\/div>\n\t\t\t\t\n\t\t\t\t\t\t\t\t\t<div class=\"swiper-pagination\"><\/div>\n\t\t\t\t\t\t\t\t\t<\/div>\n\t\t\t\t\t\t<\/div>\n\t\t\t\t<\/div>\n\t\t\t\t<\/div>\n\t\t\t\t\t<\/div>\n\t\t\t\t<\/div>\n\t\t<div class=\"elementor-element elementor-element-c3da4cc e-flex e-con-boxed e-con e-parent\" data-id=\"c3da4cc\" data-element_type=\"container\" data-e-type=\"container\">\n\t\t\t\t\t<div class=\"e-con-inner\">\n\t\t\t\t<div class=\"elementor-element elementor-element-dca7834 elementor-widget elementor-widget-heading\" data-id=\"dca7834\" data-element_type=\"widget\" data-e-type=\"widget\" data-widget_type=\"heading.default\">\n\t\t\t\t<div class=\"elementor-widget-container\">\n\t\t\t\t\t<h4 class=\"elementor-heading-title elementor-size-default\">Reuni\u00f3 de CECAS amb la CET<\/h4>\t\t\t\t<\/div>\n\t\t\t\t<\/div>\n\t\t\t\t\t<\/div>\n\t\t\t\t<\/div>\n\t\t<div class=\"elementor-element elementor-element-2f1d3b72 e-flex e-con-boxed e-con e-parent\" data-id=\"2f1d3b72\" data-element_type=\"container\" data-e-type=\"container\">\n\t\t\t\t\t<div class=\"e-con-inner\">\n\t\t\t\t<div class=\"elementor-element elementor-element-651ba4d9 elementor-widget elementor-widget-text-editor\" data-id=\"651ba4d9\" data-element_type=\"widget\" data-e-type=\"widget\" data-widget_type=\"text-editor.default\">\n\t\t\t\t<div class=\"elementor-widget-container\">\n\t\t\t\t\t\t\t\t\t<p>El dia 6 de maig ens vam despla\u00e7ar a Tarragona al santuari de la Mare de D\u00e9u de Loreto, regentat pels pares Rogacionistes. Hi vam assistir convocats pels membres de la Confer\u00e8ncia Episcopal Tarraconense en <strong>Jaume Sol\u00e9<\/strong> patr\u00f3 i secretari del Patronat CECAS, en <strong>Ferran Sol\u00e9<\/strong> director de la Fundaci\u00f3 i jo mateix <strong>Ramon Tous<\/strong> com a vicepresident.<\/p><p>\u00a0<\/p><p>La trobada de tots els bisbes tenia com objectiu donar comptes de la nostra Fundaci\u00f3 i al mateix temps de recordatori i posada al dia de diferents temes. La reuni\u00f3 va ser presidida per l\u2019arquebisbe de Tarragona <strong>Mons.<\/strong> <strong>Joan \u00a0Planellas<\/strong>, pel cardenal arquebisbe de Barcelona <strong>Mons.<\/strong> <strong>Joan Josep Omella<\/strong> i pel secretari de la CET <strong>Mons.<\/strong> <strong>Sergi Gordo<\/strong> bisbe de Tortosa. Tamb\u00e9 hi va assistir <strong>Mn.<\/strong> <strong>Enric Termes<\/strong> subsecretari de la CET.<\/p><p>\u00a0<\/p><p>Primer de tot, en Jaume \u00a0Sol\u00e9 va fer una presentaci\u00f3 inicial de la Fundaci\u00f3. A continuaci\u00f3 en Ferran Sol\u00e9 va presentar l\u2019activitat de CECAS i\u00a0 la mem\u00f2ria del 2023. Es van remarcar alguns indicadors de l\u2019activitat aix\u00ed com el context i perfil concret de les persones usu\u00e0ries. Tamb\u00e9 una menci\u00f3 expl\u00edcita al treball professional en les diferents etapes assistencials, la relaci\u00f3 amb les fam\u00edlies i entorn, la implicaci\u00f3 de l\u2019administraci\u00f3 p\u00fablica i d\u2019una manera expl\u00edcita de les C\u00e0ritas diocesanes a trav\u00e9s\u00a0 del comprom\u00eds hist\u00f2ric de la CET.<\/p><p>\u00a0<\/p><p>A continuaci\u00f3, el vicepresident Ramon Tous, va fer una intervenci\u00f3 posant \u00e8mfasi en la hist\u00f2ria inicial de CECAS i la decisi\u00f3 concreta de la CET, a trav\u00e9s de les C\u00e0ritas diocesanes de Catalunya, de recolzar la Fundaci\u00f3 amb voluntat de participar com a tals en una obra de marcat sentit social com \u00e9s el de la drogoaddicci\u00f3. El comprom\u00eds dels treballadors i treballadores per\u00f2 tamb\u00e9 dels voluntaris i volunt\u00e0ries que sempre han estat una marca del perfil propi de\u00a0 CECAS, representa la concreci\u00f3 dels valors i missi\u00f3 de la Fundaci\u00f3. Es va deixar tamb\u00e9 const\u00e0ncia de que disposem d\u2019un CAS no sectorialitzat obert a tot Catalunya, porta d\u2019entrada i de diagn\u00f2stic a ingr\u00e9s de Comunitat Terap\u00e8utica o centre de dia o assist\u00e8ncia ambulat\u00f2ria. Finalment es va\u00a0 exposar la feina de la Fundaci\u00f3, vertebrada pel coneixement cient\u00edfic, l\u2019actitud professional i sobretot amb una cura i atenci\u00f3 global de la persona, en el seu conjunt\u00a0 bio-psico-social i espiritual.<\/p><p>\u00a0<\/p><p>Es va obrir un torn de paraules a tall de di\u00e0leg que va ser molt participat i aclaridor, entre ells vers el tema espiritual. Es va fer esment que justament aquest any la Jornada anual de formaci\u00f3 conjunta va girar entorn del tema: \u201cEspiritualitat i Addiccions\u201d.<\/p><p>\u00a0<\/p><p>Finalment, vam fer menci\u00f3 de la situaci\u00f3 dels immobles on treballem, transmetent la necessitat d\u2019aconseguir espais m\u00e9s amplis, adaptant-nos a l\u2019ampliaci\u00f3 de places dels serveis que s\u2019ha aconseguit aquest darrer any a la Fundaci\u00f3.<\/p><p>\u00a0<\/p><p>Va ser una trobada on es va poder complir el seu objectiu: presentar la situaci\u00f3 actual de CECAS compartint una fecunda trobada de l\u2019Esgl\u00e9sia a Catalunya.<\/p><p>\u00a0<\/p><p style=\"text-align: right;\"><strong>Ramon Tous<\/strong><\/p><p style=\"text-align: right;\"><strong>Vicepresident de CECAS<\/strong><\/p>\t\t\t\t\t\t\t\t<\/div>\n\t\t\t\t<\/div>\n\t\t\t\t\t<\/div>\n\t\t\t\t<\/div>\n\t\t\t\t<\/div>","protected":false},"excerpt":{"rendered":"<p>El dia 6 de maig ens vam despla\u00e7ar a Tarragona al santuari de la Mare de D\u00e9u de Loreto, regentat pels pares Rogacionistes. Hi vam assistir convocats pels membres de la Confer\u00e8ncia Episcopal Tarraconense en <strong>Jaume Sol\u00e9<\/strong> patr\u00f3 i secretari del Patronat CECAS, en <strong>Ferran Sol\u00e9<\/strong> director de la Fundaci\u00f3 i jo mateix <strong>Ramon Tous<\/strong> com a vicepresident.<\/p>\n<p>\u00a0<\/p>\n<p>La trobada de tots els bisbes tenia com objectiu donar comptes de la nostra Fundaci\u00f3 i al mateix temps de recordatori i posada al dia de diferents temes. La reuni\u00f3 va ser presidida per l\u2019arquebisbe de Tarragona <strong>Mons.<\/strong> <strong>Joan \u00a0Planellas<\/strong>, pel cardenal arquebisbe de Barcelona <strong>Mons.<\/strong> <strong>Joan Josep Omella<\/strong> i pel secretari de la CET <strong>Mons.<\/strong> <strong>Sergi Gordo<\/strong> bisbe de Tortosa. Tamb\u00e9 hi va assistir <strong>Mn.<\/strong> <strong>Enric Termes<\/strong> subsecretari de la CET.<\/p>\n<p>\u00a0<\/p>\n<p>Primer de tot, en Jaume \u00a0Sol\u00e9 va fer una presentaci\u00f3 inicial de la Fundaci\u00f3. A continuaci\u00f3 en Ferran Sol\u00e9 va presentar l\u2019activitat de CECAS i\u00a0 la mem\u00f2ria del 2023. Es van remarcar alguns indicadors de l\u2019activitat aix\u00ed com el context i perfil concret de les persones usu\u00e0ries. Tamb\u00e9 una menci\u00f3 expl\u00edcita al treball professional en les diferents etapes assistencials, la relaci\u00f3 amb les fam\u00edlies i entorn, la implicaci\u00f3 de l\u2019administraci\u00f3 p\u00fablica i d\u2019una manera expl\u00edcita de les C\u00e0ritas diocesanes a trav\u00e9s\u00a0 del comprom\u00eds hist\u00f2ric de la CET.<\/p>\n<p>\u00a0<\/p>\n<p>A continuaci\u00f3, el vicepresident Ramon Tous, va fer una intervenci\u00f3 posant \u00e8mfasi en la hist\u00f2ria inicial de CECAS i la decisi\u00f3 concreta de la CET, a trav\u00e9s de les C\u00e0ritas diocesanes de Catalunya, de recolzar la Fundaci\u00f3 amb voluntat de participar com a tals en una obra de marcat sentit social com \u00e9s el de la drogoaddicci\u00f3. El comprom\u00eds dels treballadors i treballadores per\u00f2 tamb\u00e9 dels voluntaris i volunt\u00e0ries que sempre han estat una marca del perfil propi de\u00a0 CECAS, representa la concreci\u00f3 dels valors i missi\u00f3 de la Fundaci\u00f3. Es va deixar tamb\u00e9 const\u00e0ncia de que disposem d\u2019un CAS no sectorialitzat obert a tot Catalunya, porta d\u2019entrada i de diagn\u00f2stic a ingr\u00e9s de Comunitat Terap\u00e8utica o centre de dia o assist\u00e8ncia ambulat\u00f2ria. Finalment es va\u00a0 exposar la feina de la Fundaci\u00f3, vertebrada pel coneixement cient\u00edfic, l\u2019actitud professional i sobretot amb una cura i atenci\u00f3 global de la persona, en el seu conjunt\u00a0 bio-psico-social i espiritual.<\/p>\n<p>\u00a0<\/p>\n<p>Es va obrir un torn de paraules a tall de di\u00e0leg que va ser molt participat i aclaridor, entre ells vers el tema espiritual. Es va fer esment que justament aquest any la Jornada anual de formaci\u00f3 conjunta va girar entorn del tema: \u201cEspiritualitat i Addiccions\u201d.<\/p>\n<p>\u00a0<\/p>\n<p>Finalment, vam fer menci\u00f3 de la situaci\u00f3 dels immobles on treballem, transmetent la necessitat d\u2019aconseguir espais m\u00e9s amplis, adaptant-nos a l\u2019ampliaci\u00f3 de places dels serveis que s\u2019ha aconseguit aquest darrer any a la Fundaci\u00f3.<\/p>\n<p>\u00a0<\/p>\n<p>Va ser una trobada on es va poder complir el seu objectiu: presentar la situaci\u00f3 actual de CECAS compartint una fecunda trobada de l\u2019Esgl\u00e9sia a Catalunya.<\/p>\n<p>\u00a0<\/p>","protected":false},"author":1,"featured_media":16370,"comment_status":"closed","ping_status":"","sticky":false,"template":"","format":"standard","meta":{"footnotes":""},"categories":[16],"tags":[61,63,62,64],"class_list":["post-16365","post","type-post","status-publish","format-standard","has-post-thumbnail","hentry","category-blog","tag-catalunya-2","tag-cecas","tag-centre-catala-solidaritat","tag-tarragona"],"rttpg_featured_image_url":{"full":["https:\/\/cecasfundacio.cat\/wp-content\/uploads\/2024\/05\/Reunio-CETn_255-001.jpg",2304,1535,false],"landscape":["https:\/\/cecasfundacio.cat\/wp-content\/uploads\/2024\/05\/Reunio-CETn_255-001.jpg",2304,1535,false],"portraits":["https:\/\/cecasfundacio.cat\/wp-content\/uploads\/2024\/05\/Reunio-CETn_255-001.jpg",2304,1535,false],"thumbnail":["https:\/\/cecasfundacio.cat\/wp-content\/uploads\/2024\/05\/Reunio-CETn_255-001-150x150.jpg",150,150,true],"medium":["https:\/\/cecasfundacio.cat\/wp-content\/uploads\/2024\/05\/Reunio-CETn_255-001-300x200.jpg",300,200,true],"large":["https:\/\/cecasfundacio.cat\/wp-content\/uploads\/2024\/05\/Reunio-CETn_255-001-1024x682.jpg",1024,682,true],"1536x1536":["https:\/\/cecasfundacio.cat\/wp-content\/uploads\/2024\/05\/Reunio-CETn_255-001-1536x1023.jpg",1536,1023,true],"2048x2048":["https:\/\/cecasfundacio.cat\/wp-content\/uploads\/2024\/05\/Reunio-CETn_255-001-2048x1364.jpg",2048,1364,true],"trp-custom-language-flag":["https:\/\/cecasfundacio.cat\/wp-content\/uploads\/2024\/05\/Reunio-CETn_255-001.jpg",18,12,false]},"rttpg_author":{"display_name":"admin","author_link":"https:\/\/cecasfundacio.cat\/es_es\/blog\/author\/hostserver_sqm3tyyo"},"rttpg_comment":0,"rttpg_category":"<a href=\"https:\/\/cecasfundacio.cat\/es_es\/blog\/category\/blog\" rel=\"category tag\">Blog<\/a>","rttpg_excerpt":"El dia 6 de maig ens vam despla\u00e7ar a Tarragona al santuari de la Mare de D\u00e9u de Loreto, regentat pels pares Rogacionistes. Hi vam assistir convocats pels membres de la Confer\u00e8ncia Episcopal Tarraconense en Jaume Sol\u00e9 patr\u00f3 i secretari del Patronat CECAS, en Ferran Sol\u00e9 director de la Fundaci\u00f3 i jo mateix Ramon Tous&hellip;","_links":{"self":[{"href":"https:\/\/cecasfundacio.cat\/es_es\/wp-json\/wp\/v2\/posts\/16365","targetHints":{"allow":["GET"]}}],"collection":[{"href":"https:\/\/cecasfundacio.cat\/es_es\/wp-json\/wp\/v2\/posts"}],"about":[{"href":"https:\/\/cecasfundacio.cat\/es_es\/wp-json\/wp\/v2\/types\/post"}],"author":[{"embeddable":true,"href":"https:\/\/cecasfundacio.cat\/es_es\/wp-json\/wp\/v2\/users\/1"}],"replies":[{"embeddable":true,"href":"https:\/\/cecasfundacio.cat\/es_es\/wp-json\/wp\/v2\/comments?post=16365"}],"version-history":[{"count":15,"href":"https:\/\/cecasfundacio.cat\/es_es\/wp-json\/wp\/v2\/posts\/16365\/revisions"}],"predecessor-version":[{"id":16670,"href":"https:\/\/cecasfundacio.cat\/es_es\/wp-json\/wp\/v2\/posts\/16365\/revisions\/16670"}],"wp:featuredmedia":[{"embeddable":true,"href":"https:\/\/cecasfundacio.cat\/es_es\/wp-json\/wp\/v2\/media\/16370"}],"wp:attachment":[{"href":"https:\/\/cecasfundacio.cat\/es_es\/wp-json\/wp\/v2\/media?parent=16365"}],"wp:term":[{"taxonomy":"category","embeddable":true,"href":"https:\/\/cecasfundacio.cat\/es_es\/wp-json\/wp\/v2\/categories?post=16365"},{"taxonomy":"post_tag","embeddable":true,"href":"https:\/\/cecasfundacio.cat\/es_es\/wp-json\/wp\/v2\/tags?post=16365"}],"curies":[{"name":"wp","href":"https:\/\/api.w.org\/{rel}","templated":true}]}}