{"id":17111,"date":"2024-06-14T07:52:00","date_gmt":"2024-06-14T07:52:00","guid":{"rendered":"https:\/\/cecasfundacio.cat\/?p=3035"},"modified":"2024-07-19T08:18:23","modified_gmt":"2024-07-19T08:18:23","slug":"gracies-antoni-i-frederic","status":"publish","type":"post","link":"https:\/\/cecasfundacio.cat\/es_es\/blog\/gracies-antoni-i-frederic","title":{"rendered":"Gr\u00e0cies Antoni i Frederic!"},"content":{"rendered":"<div data-elementor-type=\"wp-post\" data-elementor-id=\"17111\" class=\"elementor elementor-17111\">\n\t\t\t\t\t\t<section class=\"elementor-section elementor-top-section elementor-element elementor-element-2d891bce elementor-section-stretched elementor-section-boxed elementor-section-height-default elementor-section-height-default\" data-id=\"2d891bce\" data-element_type=\"section\" data-e-type=\"section\" data-settings=\"{&quot;stretch_section&quot;:&quot;section-stretched&quot;,&quot;background_background&quot;:&quot;classic&quot;}\">\n\t\t\t\t\t\t<div class=\"elementor-container elementor-column-gap-default\">\n\t\t\t\t\t<div class=\"elementor-column elementor-col-100 elementor-top-column elementor-element elementor-element-719ea3b2\" data-id=\"719ea3b2\" data-element_type=\"column\" data-e-type=\"column\">\n\t\t\t<div class=\"elementor-widget-wrap elementor-element-populated\">\n\t\t\t\t\t\t<div class=\"elementor-element elementor-element-241bc026 elementor-widget elementor-widget-heading\" data-id=\"241bc026\" data-element_type=\"widget\" data-e-type=\"widget\" data-widget_type=\"heading.default\">\n\t\t\t\t<div class=\"elementor-widget-container\">\n\t\t\t\t\t<h1 class=\"elementor-heading-title elementor-size-default\">Blog<\/h1>\t\t\t\t<\/div>\n\t\t\t\t<\/div>\n\t\t\t\t\t<\/div>\n\t\t<\/div>\n\t\t\t\t\t<\/div>\n\t\t<\/section>\n\t\t<div class=\"elementor-element elementor-element-3f08fcc0 e-flex e-con-boxed e-con e-parent\" data-id=\"3f08fcc0\" data-element_type=\"container\" data-e-type=\"container\">\n\t\t\t\t\t<div class=\"e-con-inner\">\n\t\t<div class=\"elementor-element elementor-element-3f1bae69 e-con-full e-flex e-con e-child\" data-id=\"3f1bae69\" data-element_type=\"container\" data-e-type=\"container\" data-settings=\"{&quot;background_background&quot;:&quot;classic&quot;}\">\n\t\t\t\t<\/div>\n\t\t<div class=\"elementor-element elementor-element-52b139d8 e-con-full e-flex e-con e-child\" data-id=\"52b139d8\" data-element_type=\"container\" data-e-type=\"container\" data-settings=\"{&quot;background_background&quot;:&quot;classic&quot;}\">\n\t\t\t\t<div class=\"elementor-element elementor-element-4f233f1c elementor-widget elementor-widget-heading\" data-id=\"4f233f1c\" data-element_type=\"widget\" data-e-type=\"widget\" data-widget_type=\"heading.default\">\n\t\t\t\t<div class=\"elementor-widget-container\">\n\t\t\t\t\t<h3 class=\"elementor-heading-title elementor-size-default\">GALER\u00cdA DE IM\u00c1GENES<\/h3>\t\t\t\t<\/div>\n\t\t\t\t<\/div>\n\t\t\t\t<div class=\"elementor-element elementor-element-262d8320 elementor-arrows-position-inside elementor-pagination-position-outside elementor-widget elementor-widget-image-carousel\" data-id=\"262d8320\" data-element_type=\"widget\" data-e-type=\"widget\" data-settings=\"{&quot;slides_to_show&quot;:&quot;2&quot;,&quot;image_spacing_custom&quot;:{&quot;unit&quot;:&quot;px&quot;,&quot;size&quot;:5,&quot;sizes&quot;:[]},&quot;navigation&quot;:&quot;both&quot;,&quot;autoplay&quot;:&quot;yes&quot;,&quot;pause_on_hover&quot;:&quot;yes&quot;,&quot;pause_on_interaction&quot;:&quot;yes&quot;,&quot;autoplay_speed&quot;:5000,&quot;infinite&quot;:&quot;yes&quot;,&quot;speed&quot;:500,&quot;image_spacing_custom_tablet&quot;:{&quot;unit&quot;:&quot;px&quot;,&quot;size&quot;:&quot;&quot;,&quot;sizes&quot;:[]},&quot;image_spacing_custom_mobile&quot;:{&quot;unit&quot;:&quot;px&quot;,&quot;size&quot;:&quot;&quot;,&quot;sizes&quot;:[]}}\" data-widget_type=\"image-carousel.default\">\n\t\t\t\t<div class=\"elementor-widget-container\">\n\t\t\t\t\t\t\t<div class=\"elementor-image-carousel-wrapper swiper\" role=\"region\" aria-roledescription=\"carousel\" aria-label=\"Carrusel d&#039;imatges\" dir=\"ltr\">\n\t\t\t<div class=\"elementor-image-carousel swiper-wrapper\" aria-live=\"off\">\n\t\t\t\t\t\t\t\t<div class=\"swiper-slide\" role=\"group\" aria-roledescription=\"slide\" aria-label=\"1 de 2\"><a data-elementor-open-lightbox=\"yes\" data-elementor-lightbox-slideshow=\"262d8320\" data-elementor-lightbox-title=\"11\" data-e-action-hash=\"#elementor-action%3Aaction%3Dlightbox%26settings%3DeyJpZCI6MTcxMTMsInVybCI6Imh0dHBzOlwvXC9jZWNhc2Z1bmRhY2lvLmNhdFwvd3AtY29udGVudFwvdXBsb2Fkc1wvMjAyNFwvMDdcLzExLXNjYWxlZC5qcGciLCJzbGlkZXNob3ciOiIyNjJkODMyMCJ9\" href=\"https:\/\/cecasfundacio.cat\/wp-content\/uploads\/2024\/07\/11-scaled.jpg\"><figure class=\"swiper-slide-inner\"><img decoding=\"async\" class=\"swiper-slide-image\" src=\"https:\/\/cecasfundacio.cat\/wp-content\/uploads\/2024\/07\/11-scaled-150x150.jpg\" alt=\"11\" \/><\/figure><\/a><\/div><div class=\"swiper-slide\" role=\"group\" aria-roledescription=\"slide\" aria-label=\"2 de 2\"><a data-elementor-open-lightbox=\"yes\" data-elementor-lightbox-slideshow=\"262d8320\" data-elementor-lightbox-title=\"22\" data-e-action-hash=\"#elementor-action%3Aaction%3Dlightbox%26settings%3DeyJpZCI6MTcxMTIsInVybCI6Imh0dHBzOlwvXC9jZWNhc2Z1bmRhY2lvLmNhdFwvd3AtY29udGVudFwvdXBsb2Fkc1wvMjAyNFwvMDdcLzIyLXNjYWxlZC5qcGciLCJzbGlkZXNob3ciOiIyNjJkODMyMCJ9\" href=\"https:\/\/cecasfundacio.cat\/wp-content\/uploads\/2024\/07\/22-scaled.jpg\"><figure class=\"swiper-slide-inner\"><img decoding=\"async\" class=\"swiper-slide-image\" src=\"https:\/\/cecasfundacio.cat\/wp-content\/uploads\/2024\/07\/22-scaled-150x150.jpg\" alt=\"22\" \/><\/figure><\/a><\/div>\t\t\t<\/div>\n\t\t\t\t\t\t\t\t\t\t\t\t<div class=\"elementor-swiper-button elementor-swiper-button-prev\" role=\"button\" tabindex=\"0\">\n\t\t\t\t\t\t<svg aria-hidden=\"true\" class=\"e-font-icon-svg e-eicon-chevron-left\" viewbox=\"0 0 1000 1000\" xmlns=\"http:\/\/www.w3.org\/2000\/svg\"><path d=\"M646 125C629 125 613 133 604 142L308 442C296 454 292 471 292 487 292 504 296 521 308 533L604 854C617 867 629 875 646 875 663 875 679 871 692 858 704 846 713 829 713 812 713 796 708 779 692 767L438 487 692 225C700 217 708 204 708 187 708 171 704 154 692 142 675 129 663 125 646 125Z\"><\/path><\/svg>\t\t\t\t\t<\/div>\n\t\t\t\t\t<div class=\"elementor-swiper-button elementor-swiper-button-next\" role=\"button\" tabindex=\"0\">\n\t\t\t\t\t\t<svg aria-hidden=\"true\" class=\"e-font-icon-svg e-eicon-chevron-right\" viewbox=\"0 0 1000 1000\" xmlns=\"http:\/\/www.w3.org\/2000\/svg\"><path d=\"M696 533C708 521 713 504 713 487 713 471 708 454 696 446L400 146C388 133 375 125 354 125 338 125 325 129 313 142 300 154 292 171 292 187 292 204 296 221 308 233L563 492 304 771C292 783 288 800 288 817 288 833 296 850 308 863 321 871 338 875 354 875 371 875 388 867 400 854L696 533Z\"><\/path><\/svg>\t\t\t\t\t<\/div>\n\t\t\t\t\n\t\t\t\t\t\t\t\t\t<div class=\"swiper-pagination\"><\/div>\n\t\t\t\t\t\t\t\t\t<\/div>\n\t\t\t\t\t\t<\/div>\n\t\t\t\t<\/div>\n\t\t\t\t<\/div>\n\t\t\t\t\t<\/div>\n\t\t\t\t<\/div>\n\t\t<div class=\"elementor-element elementor-element-83e622f e-flex e-con-boxed e-con e-parent\" data-id=\"83e622f\" data-element_type=\"container\" data-e-type=\"container\">\n\t\t\t\t\t<div class=\"e-con-inner\">\n\t\t\t\t<div class=\"elementor-element elementor-element-cfa2d23 elementor-widget elementor-widget-heading\" data-id=\"cfa2d23\" data-element_type=\"widget\" data-e-type=\"widget\" data-widget_type=\"heading.default\">\n\t\t\t\t<div class=\"elementor-widget-container\">\n\t\t\t\t\t<h4 class=\"elementor-heading-title elementor-size-default\">\u00a1Gracias Antonio y Frederic!<\/h4>\t\t\t\t<\/div>\n\t\t\t\t<\/div>\n\t\t\t\t\t<\/div>\n\t\t\t\t<\/div>\n\t\t<div class=\"elementor-element elementor-element-42198d85 e-flex e-con-boxed e-con e-parent\" data-id=\"42198d85\" data-element_type=\"container\" data-e-type=\"container\">\n\t\t\t\t\t<div class=\"e-con-inner\">\n\t\t\t\t<div class=\"elementor-element elementor-element-3dcfe430 elementor-widget elementor-widget-text-editor\" data-id=\"3dcfe430\" data-element_type=\"widget\" data-e-type=\"widget\" data-widget_type=\"text-editor.default\">\n\t\t\t\t<div class=\"elementor-widget-container\">\n\t\t\t\t\t\t\t\t\t<p>Recentment a CECAS Barcelona i Tarragona hem tingut ocasi\u00f3 de celebrar amb els voluntaris <strong>Antoni Campreci\u00f3s<\/strong> y <strong>Frederic Monserrat<\/strong> un moment de trobada i agra\u00efment pel treball i dedicaci\u00f3 que com a voluntaris han aportat durant molts anys al CECAS. Quinze i onze anys respectivament de col\u00b7laboraci\u00f3 a l\u2019entitat i, en concret a l\u2019equip de Serveis Generals de la Fundaci\u00f3.<\/p><p>\u00a0<\/p><p>Des de la recerca d\u2019activitats de cap de setmana, recolzament en tasques d\u2019administraci\u00f3, membre del Patronat i Junta Rectora de la Fundaci\u00f3, promotor i seguiment de la reforma de la Comunitat Terap\u00e8utica de Tarragona i el seguiment i control de despeses de subministraments de les cases, han estat entre altres, algunes de les tasques que han aportat com a voluntaris al CECAS.<\/p><p>\u00a0<\/p><p>Aquest mes de juny persones residents, voluntaris i professionals de Barcelona i Tarragona v\u00e0rem poder compartir en diferents moments un esmorzar d\u2019agra\u00efment pels anys compartits al CECAS. Varen poder compartir i testimoniar l\u2019afecte i estimaci\u00f3 que els dos han tingut sempre pel CECAS.<\/p><p>\u00a0<\/p><p>Els voluntaris i volunt\u00e0ries s\u00f3n un col\u00b7lectiu de suport fonamental per complementar la tasca que realitza el nostre equip de professionals i millorar el benestar i la qualitat de vida de les persones que atenem.<\/p><p>\u00a0<\/p><p>El passat 12 de juny i coincidint en una d\u2019aquestes trobades d\u2019agra\u00efment de l\u2019Antoni, v\u00e0rem celebrar una sessi\u00f3 formativa de volunt\u00e0ries i voluntaris de la Fundaci\u00f3 a la Comunitat Terap\u00e8utica de dones de Tarragona (podeu trobar-lo en anteriors articles de la p\u00e0gina web).<\/p><p>\u00a0<\/p><p>I aprofitant l\u2019ocasi\u00f3, no voldr\u00edem acabar aquest escrit sense valorar i donar les gr\u00e0cies a totes i a tots els voluntaris i volunt\u00e0ries del CECAS que col\u00b7laboren en els diferents serveis i programes. No podem deixar de valorar la tasca tant rellevant\u00a0que fan tot desitjant-los un bon estiu i unes bones merescudes vacances.<\/p>\t\t\t\t\t\t\t\t<\/div>\n\t\t\t\t<\/div>\n\t\t\t\t\t<\/div>\n\t\t\t\t<\/div>\n\t\t\t\t<\/div>","protected":false},"excerpt":{"rendered":"<p>Recentment a CECAS Barcelona i Tarragona hem tingut ocasi\u00f3 de celebrar amb els voluntaris <strong>Antoni Campreci\u00f3s<\/strong> y <strong>Frederic Monserrat<\/strong> un moment de trobada i agra\u00efment pel treball i dedicaci\u00f3 que com a voluntaris han aportat durant molts anys al CECAS. Quinze i onze anys respectivament de col\u00b7laboraci\u00f3 a l\u2019entitat i, en concret a l\u2019equip de Serveis Generals de la Fundaci\u00f3.<\/p>\n<p>\u00a0<\/p>\n<p>Des de la recerca d\u2019activitats de cap de setmana, recolzament en tasques d\u2019administraci\u00f3, membre del Patronat i Junta Rectora de la Fundaci\u00f3, promotor i seguiment de la reforma de la Comunitat Terap\u00e8utica de Tarragona i el seguiment i control de despeses de subministraments de les cases, han estat entre altres, algunes de les tasques que han aportat com a voluntaris al CECAS.<\/p>\n<p>\u00a0<\/p>\n<p>Aquest mes de juny persones residents, voluntaris i professionals de Barcelona i Tarragona v\u00e0rem poder compartir en diferents moments un esmorzar d\u2019agra\u00efment pels anys compartits al CECAS. Varen poder compartir i testimoniar l\u2019afecte i estimaci\u00f3 que els dos han tingut sempre pel CECAS.<\/p>\n<p>\u00a0<\/p>\n<p>Els voluntaris i volunt\u00e0ries s\u00f3n un col\u00b7lectiu de suport fonamental per complementar la tasca que realitza el nostre equip de professionals i millorar el benestar i la qualitat de vida de les persones que atenem.<\/p>\n<p>\u00a0<\/p>\n<p>El passat 12 de juny i coincidint en una d\u2019aquestes trobades d\u2019agra\u00efment de l\u2019Antoni, v\u00e0rem celebrar una sessi\u00f3 formativa de volunt\u00e0ries i voluntaris de la Fundaci\u00f3 a la Comunitat Terap\u00e8utica de dones de Tarragona (podeu trobar-lo en anteriors articles de la p\u00e0gina web).<\/p>\n<p>\u00a0<\/p>\n<p>I aprofitant l\u2019ocasi\u00f3, no voldr\u00edem acabar aquest escrit sense valorar i donar les gr\u00e0cies a totes i a tots els voluntaris i volunt\u00e0ries del CECAS que col\u00b7laboren en els diferents serveis i programes. No podem deixar de valorar la tasca tant rellevant\u00a0que fan tot desitjant-los un bon estiu i unes bones merescudes vacances.<\/p>","protected":false},"author":1,"featured_media":17113,"comment_status":"closed","ping_status":"closed","sticky":false,"template":"","format":"standard","meta":{"footnotes":""},"categories":[16],"tags":[60,63,62,64],"class_list":["post-17111","post","type-post","status-publish","format-standard","has-post-thumbnail","hentry","category-blog","tag-barcelona","tag-cecas","tag-centre-catala-solidaritat","tag-tarragona"],"rttpg_featured_image_url":{"full":["https:\/\/cecasfundacio.cat\/wp-content\/uploads\/2024\/07\/11-scaled.jpg",2560,1920,false],"landscape":["https:\/\/cecasfundacio.cat\/wp-content\/uploads\/2024\/07\/11-scaled.jpg",2560,1920,false],"portraits":["https:\/\/cecasfundacio.cat\/wp-content\/uploads\/2024\/07\/11-scaled.jpg",2560,1920,false],"thumbnail":["https:\/\/cecasfundacio.cat\/wp-content\/uploads\/2024\/07\/11-scaled-150x150.jpg",150,150,true],"medium":["https:\/\/cecasfundacio.cat\/wp-content\/uploads\/2024\/07\/11-scaled-300x225.jpg",300,225,true],"large":["https:\/\/cecasfundacio.cat\/wp-content\/uploads\/2024\/07\/11-scaled-1024x768.jpg",1024,768,true],"1536x1536":["https:\/\/cecasfundacio.cat\/wp-content\/uploads\/2024\/07\/11-scaled-1536x1152.jpg",1536,1152,true],"2048x2048":["https:\/\/cecasfundacio.cat\/wp-content\/uploads\/2024\/07\/11-scaled-2048x1536.jpg",2048,1536,true],"trp-custom-language-flag":["https:\/\/cecasfundacio.cat\/wp-content\/uploads\/2024\/07\/11-scaled.jpg",16,12,false]},"rttpg_author":{"display_name":"admin","author_link":"https:\/\/cecasfundacio.cat\/es_es\/blog\/author\/hostserver_sqm3tyyo"},"rttpg_comment":0,"rttpg_category":"<a href=\"https:\/\/cecasfundacio.cat\/es_es\/blog\/category\/blog\" rel=\"category tag\">Blog<\/a>","rttpg_excerpt":"Recentment a CECAS Barcelona i Tarragona hem tingut ocasi\u00f3 de celebrar amb els voluntaris Antoni Campreci\u00f3s i Frederic Monserrat un moment de trobada i agra\u00efment pel treball i dedicaci\u00f3 que com a voluntaris han aportat durant molts anys al CECAS. Quinze i onze anys respectivament de col\u00b7laboraci\u00f3 a l\u2019entitat i, en concret a l\u2019equip de&hellip;","_links":{"self":[{"href":"https:\/\/cecasfundacio.cat\/es_es\/wp-json\/wp\/v2\/posts\/17111","targetHints":{"allow":["GET"]}}],"collection":[{"href":"https:\/\/cecasfundacio.cat\/es_es\/wp-json\/wp\/v2\/posts"}],"about":[{"href":"https:\/\/cecasfundacio.cat\/es_es\/wp-json\/wp\/v2\/types\/post"}],"author":[{"embeddable":true,"href":"https:\/\/cecasfundacio.cat\/es_es\/wp-json\/wp\/v2\/users\/1"}],"replies":[{"embeddable":true,"href":"https:\/\/cecasfundacio.cat\/es_es\/wp-json\/wp\/v2\/comments?post=17111"}],"version-history":[{"count":12,"href":"https:\/\/cecasfundacio.cat\/es_es\/wp-json\/wp\/v2\/posts\/17111\/revisions"}],"predecessor-version":[{"id":17126,"href":"https:\/\/cecasfundacio.cat\/es_es\/wp-json\/wp\/v2\/posts\/17111\/revisions\/17126"}],"wp:featuredmedia":[{"embeddable":true,"href":"https:\/\/cecasfundacio.cat\/es_es\/wp-json\/wp\/v2\/media\/17113"}],"wp:attachment":[{"href":"https:\/\/cecasfundacio.cat\/es_es\/wp-json\/wp\/v2\/media?parent=17111"}],"wp:term":[{"taxonomy":"category","embeddable":true,"href":"https:\/\/cecasfundacio.cat\/es_es\/wp-json\/wp\/v2\/categories?post=17111"},{"taxonomy":"post_tag","embeddable":true,"href":"https:\/\/cecasfundacio.cat\/es_es\/wp-json\/wp\/v2\/tags?post=17111"}],"curies":[{"name":"wp","href":"https:\/\/api.w.org\/{rel}","templated":true}]}}