{"id":18684,"date":"2025-03-04T12:33:36","date_gmt":"2025-03-04T12:33:36","guid":{"rendered":"https:\/\/cecasfundacio.cat\/?p=18684"},"modified":"2025-03-26T12:37:58","modified_gmt":"2025-03-26T12:37:58","slug":"semestral-can-puig-27-2-25","status":"publish","type":"post","link":"https:\/\/cecasfundacio.cat\/es_es\/blog\/semestral-can-puig-27-2-25","title":{"rendered":"Semestre CAN PUIG 27.2.25"},"content":{"rendered":"<div data-elementor-type=\"wp-post\" data-elementor-id=\"18684\" class=\"elementor elementor-18684\">\n\t\t\t\t\t\t<section class=\"elementor-section elementor-top-section elementor-element elementor-element-7253201f elementor-section-stretched elementor-section-boxed elementor-section-height-default elementor-section-height-default\" data-id=\"7253201f\" data-element_type=\"section\" data-e-type=\"section\" data-settings=\"{&quot;stretch_section&quot;:&quot;section-stretched&quot;,&quot;background_background&quot;:&quot;classic&quot;}\">\n\t\t\t\t\t\t<div class=\"elementor-container elementor-column-gap-default\">\n\t\t\t\t\t<div class=\"elementor-column elementor-col-100 elementor-top-column elementor-element elementor-element-4efbaba2\" data-id=\"4efbaba2\" data-element_type=\"column\" data-e-type=\"column\">\n\t\t\t<div class=\"elementor-widget-wrap elementor-element-populated\">\n\t\t\t\t\t\t<div class=\"elementor-element elementor-element-414bd37b elementor-widget elementor-widget-heading\" data-id=\"414bd37b\" data-element_type=\"widget\" data-e-type=\"widget\" data-widget_type=\"heading.default\">\n\t\t\t\t<div class=\"elementor-widget-container\">\n\t\t\t\t\t<h1 class=\"elementor-heading-title elementor-size-default\">Blog<\/h1>\t\t\t\t<\/div>\n\t\t\t\t<\/div>\n\t\t\t\t\t<\/div>\n\t\t<\/div>\n\t\t\t\t\t<\/div>\n\t\t<\/section>\n\t\t<div class=\"elementor-element elementor-element-68450051 e-flex e-con-boxed e-con e-parent\" data-id=\"68450051\" data-element_type=\"container\" data-e-type=\"container\">\n\t\t\t\t\t<div class=\"e-con-inner\">\n\t\t<div class=\"elementor-element elementor-element-7d940774 e-con-full e-flex e-con e-child\" data-id=\"7d940774\" data-element_type=\"container\" data-e-type=\"container\" data-settings=\"{&quot;background_background&quot;:&quot;classic&quot;}\">\n\t\t\t\t<\/div>\n\t\t<div class=\"elementor-element elementor-element-3852f9f8 e-con-full e-flex e-con e-child\" data-id=\"3852f9f8\" data-element_type=\"container\" data-e-type=\"container\" data-settings=\"{&quot;background_background&quot;:&quot;classic&quot;}\">\n\t\t\t\t<div class=\"elementor-element elementor-element-129d4e7d elementor-widget elementor-widget-heading\" data-id=\"129d4e7d\" data-element_type=\"widget\" data-e-type=\"widget\" data-widget_type=\"heading.default\">\n\t\t\t\t<div class=\"elementor-widget-container\">\n\t\t\t\t\t<h3 class=\"elementor-heading-title elementor-size-default\">GALER\u00cdA DE IM\u00c1GENES<\/h3>\t\t\t\t<\/div>\n\t\t\t\t<\/div>\n\t\t\t\t<div class=\"elementor-element elementor-element-27c0545 elementor-arrows-position-inside elementor-pagination-position-outside elementor-widget elementor-widget-image-carousel\" data-id=\"27c0545\" data-element_type=\"widget\" data-e-type=\"widget\" data-settings=\"{&quot;slides_to_show&quot;:&quot;1&quot;,&quot;navigation&quot;:&quot;both&quot;,&quot;autoplay&quot;:&quot;yes&quot;,&quot;pause_on_hover&quot;:&quot;yes&quot;,&quot;pause_on_interaction&quot;:&quot;yes&quot;,&quot;autoplay_speed&quot;:5000,&quot;infinite&quot;:&quot;yes&quot;,&quot;effect&quot;:&quot;slide&quot;,&quot;speed&quot;:500}\" data-widget_type=\"image-carousel.default\">\n\t\t\t\t<div class=\"elementor-widget-container\">\n\t\t\t\t\t\t\t<div class=\"elementor-image-carousel-wrapper swiper\" role=\"region\" aria-roledescription=\"carousel\" aria-label=\"Carrusel de im\u00e1genes\" dir=\"ltr\">\n\t\t\t<div class=\"elementor-image-carousel swiper-wrapper\" aria-live=\"off\">\n\t\t\t\t\t\t\t\t<div class=\"swiper-slide\" role=\"group\" aria-roledescription=\"slide\" aria-label=\"1 de 1\" data-no-translation-aria-label=\"\"><a data-elementor-open-lightbox=\"yes\" data-elementor-lightbox-slideshow=\"27c0545\" data-elementor-lightbox-title=\"IMG-20250227-WA0009\" data-e-action-hash=\"#elementor-action%3Aaction%3Dlightbox%26settings%3DeyJpZCI6MTg2ODYsInVybCI6Imh0dHBzOlwvXC9jZWNhc2Z1bmRhY2lvLmNhdFwvd3AtY29udGVudFwvdXBsb2Fkc1wvMjAyNVwvMDNcL0lNRy0yMDI1MDIyNy1XQTAwMDkuanBnIiwic2xpZGVzaG93IjoiMjdjMDU0NSJ9\" href=\"https:\/\/cecasfundacio.cat\/wp-content\/uploads\/2025\/03\/IMG-20250227-WA0009.jpg\"><figure class=\"swiper-slide-inner\"><img decoding=\"async\" class=\"swiper-slide-image\" src=\"https:\/\/cecasfundacio.cat\/wp-content\/uploads\/2025\/03\/IMG-20250227-WA0009-150x150.jpg\" alt=\"IMG-20250227-WA0009\" \/><\/figure><\/a><\/div>\t\t\t<\/div>\n\t\t\t\t\t<\/div>\n\t\t\t\t\t\t<\/div>\n\t\t\t\t<\/div>\n\t\t\t\t<\/div>\n\t\t\t\t\t<\/div>\n\t\t\t\t<\/div>\n\t\t<div class=\"elementor-element elementor-element-ca7fd9d e-flex e-con-boxed e-con e-parent\" data-id=\"ca7fd9d\" data-element_type=\"container\" data-e-type=\"container\">\n\t\t\t\t\t<div class=\"e-con-inner\">\n\t\t\t\t<div class=\"elementor-element elementor-element-9547a27 elementor-widget elementor-widget-heading\" data-id=\"9547a27\" data-element_type=\"widget\" data-e-type=\"widget\" data-widget_type=\"heading.default\">\n\t\t\t\t<div class=\"elementor-widget-container\">\n\t\t\t\t\t<h4 class=\"elementor-heading-title elementor-size-default\">Semestre CAN PUIG -  27.2.25<\/h4>\t\t\t\t<\/div>\n\t\t\t\t<\/div>\n\t\t\t\t\t<\/div>\n\t\t\t\t<\/div>\n\t\t<div class=\"elementor-element elementor-element-1f750034 e-flex e-con-boxed e-con e-parent\" data-id=\"1f750034\" data-element_type=\"container\" data-e-type=\"container\">\n\t\t\t\t\t<div class=\"e-con-inner\">\n\t\t\t\t<div class=\"elementor-element elementor-element-1ae96876 elementor-widget elementor-widget-text-editor\" data-id=\"1ae96876\" data-element_type=\"widget\" data-e-type=\"widget\" data-widget_type=\"text-editor.default\">\n\t\t\t\t<div class=\"elementor-widget-container\">\n\t\t\t\t\t\t\t\t\t<p>El pasado 27 de Febrero el equipo terap\u00e9utico de la <strong><em>Comunidad Terap\u00e9utica de Can Puig<\/em><\/strong> se reuni\u00f3 en <em>C\u00e1ritas Catalunya<\/em> para realizar la segunda reuni\u00f3n semestral de 2024.<\/p><p>\u00a0<\/p><p>La primera parte del encuentro la centramos en realizar un <em>trabajo t\u00e9cnico<\/em> muy provechoso que nos permitir\u00e1 analizar el perfil de las personas usuarias atendidas, profundizando en estrategias de intervenci\u00f3n terap\u00e9uticas y educativas, con el objetivo de poder acompa\u00f1ar a las personas usuarias con la m\u00e1xima calidad y profesionalidad.<\/p><p>\u00a0<\/p><p>En una segunda parte, reflexionaremos sobre nuestra <em>praxis profesional<\/em>, analizando los distintos espacios de intervenci\u00f3n tanto individuales como grupales.<\/p><p>\u00a0<\/p><p>\u00a1C\u00f3mo no! el encuentro tambi\u00e9n dio para <em>comer juntos<\/em>, compartir momentos l\u00fadicos de cohesi\u00f3n de equipo, compartiendo experiencias y risas entre nosotros.<\/p><p>\u00a0<\/p><p>\u00a1La semestral fue un <em>\u00e9xito<\/em>! en todo momento, el equipo se mostr\u00f3 en gran disposici\u00f3n de trabajo y voluntad de crecer profesionalmente juntos. \u00a1Gran equipo!<\/p>\t\t\t\t\t\t\t\t<\/div>\n\t\t\t\t<\/div>\n\t\t\t\t\t<\/div>\n\t\t\t\t<\/div>\n\t\t\t\t<\/div>","protected":false},"excerpt":{"rendered":"<p>El pasado 27 de Febrero el equipo terap\u00e9utico de la <strong><em>Comunidad Terap\u00e9utica de Can Puig<\/em><\/strong> se reuni\u00f3 en <em>C\u00e1ritas Catalunya<\/em> para realizar la segunda reuni\u00f3n semestral de 2024.<\/p>\n<p>\u00a0<\/p>\n<p>La primera parte del encuentro la centramos en realizar un <em>trabajo t\u00e9cnico<\/em> muy provechoso que nos permitir\u00e1 analizar el perfil de las personas usuarias atendidas, profundizando en estrategias de intervenci\u00f3n terap\u00e9uticas y educativas, con el objetivo de poder acompa\u00f1ar a las personas usuarias con la m\u00e1xima calidad y profesionalidad.<\/p>\n<p>\u00a0<\/p>\n<p>En una segunda parte, reflexionaremos sobre nuestra <em>praxis profesional<\/em>, analizando los distintos espacios de intervenci\u00f3n tanto individuales como grupales.<\/p>\n<p>\u00a0<\/p>\n<p>\u00a1C\u00f3mo no! el encuentro tambi\u00e9n dio para <em>comer juntos<\/em>, compartir momentos l\u00fadicos de cohesi\u00f3n de equipo, compartiendo experiencias y risas entre nosotros.<\/p>\n<p>\u00a0<\/p>\n<p>\u00a1La semestral fue un <em>\u00e9xito<\/em>! en todo momento, el equipo se mostr\u00f3 en gran disposici\u00f3n de trabajo y voluntad de crecer profesionalmente juntos. \u00a1Gran equipo!<\/p>","protected":false},"author":1,"featured_media":18686,"comment_status":"closed","ping_status":"closed","sticky":false,"template":"","format":"standard","meta":{"footnotes":""},"categories":[16],"tags":[60,65,63,62],"class_list":["post-18684","post","type-post","status-publish","format-standard","has-post-thumbnail","hentry","category-blog","tag-barcelona","tag-can-puig-2","tag-cecas","tag-centre-catala-solidaritat"],"rttpg_featured_image_url":{"full":["https:\/\/cecasfundacio.cat\/wp-content\/uploads\/2025\/03\/IMG-20250227-WA0009.jpg",1200,1088,false],"landscape":["https:\/\/cecasfundacio.cat\/wp-content\/uploads\/2025\/03\/IMG-20250227-WA0009.jpg",1200,1088,false],"portraits":["https:\/\/cecasfundacio.cat\/wp-content\/uploads\/2025\/03\/IMG-20250227-WA0009.jpg",1200,1088,false],"thumbnail":["https:\/\/cecasfundacio.cat\/wp-content\/uploads\/2025\/03\/IMG-20250227-WA0009-150x150.jpg",150,150,true],"medium":["https:\/\/cecasfundacio.cat\/wp-content\/uploads\/2025\/03\/IMG-20250227-WA0009-300x272.jpg",300,272,true],"large":["https:\/\/cecasfundacio.cat\/wp-content\/uploads\/2025\/03\/IMG-20250227-WA0009-1024x928.jpg",1024,928,true],"1536x1536":["https:\/\/cecasfundacio.cat\/wp-content\/uploads\/2025\/03\/IMG-20250227-WA0009.jpg",1200,1088,false],"2048x2048":["https:\/\/cecasfundacio.cat\/wp-content\/uploads\/2025\/03\/IMG-20250227-WA0009.jpg",1200,1088,false],"trp-custom-language-flag":["https:\/\/cecasfundacio.cat\/wp-content\/uploads\/2025\/03\/IMG-20250227-WA0009-13x12.jpg",13,12,true]},"rttpg_author":{"display_name":"admin","author_link":"https:\/\/cecasfundacio.cat\/es_es\/blog\/author\/hostserver_sqm3tyyo"},"rttpg_comment":0,"rttpg_category":"<a href=\"https:\/\/cecasfundacio.cat\/es_es\/blog\/category\/blog\" rel=\"category tag\">Blog<\/a>","rttpg_excerpt":"El passat 27 de Febrer l\u2019equip terap\u00e8utic de la Comunitat Terap\u00e8utica de Can Puig es va reunir a C\u00e0ritas Catalunya per realitzar la segona reuni\u00f3 semestral del 2024. \u00a0 La primera part de la trobada la vam centrar en realitzar un treball t\u00e8cnic molt profit\u00f3s que ens va permetre analitzar el perfil de les persones&hellip;","_links":{"self":[{"href":"https:\/\/cecasfundacio.cat\/es_es\/wp-json\/wp\/v2\/posts\/18684","targetHints":{"allow":["GET"]}}],"collection":[{"href":"https:\/\/cecasfundacio.cat\/es_es\/wp-json\/wp\/v2\/posts"}],"about":[{"href":"https:\/\/cecasfundacio.cat\/es_es\/wp-json\/wp\/v2\/types\/post"}],"author":[{"embeddable":true,"href":"https:\/\/cecasfundacio.cat\/es_es\/wp-json\/wp\/v2\/users\/1"}],"replies":[{"embeddable":true,"href":"https:\/\/cecasfundacio.cat\/es_es\/wp-json\/wp\/v2\/comments?post=18684"}],"version-history":[{"count":10,"href":"https:\/\/cecasfundacio.cat\/es_es\/wp-json\/wp\/v2\/posts\/18684\/revisions"}],"predecessor-version":[{"id":18695,"href":"https:\/\/cecasfundacio.cat\/es_es\/wp-json\/wp\/v2\/posts\/18684\/revisions\/18695"}],"wp:featuredmedia":[{"embeddable":true,"href":"https:\/\/cecasfundacio.cat\/es_es\/wp-json\/wp\/v2\/media\/18686"}],"wp:attachment":[{"href":"https:\/\/cecasfundacio.cat\/es_es\/wp-json\/wp\/v2\/media?parent=18684"}],"wp:term":[{"taxonomy":"category","embeddable":true,"href":"https:\/\/cecasfundacio.cat\/es_es\/wp-json\/wp\/v2\/categories?post=18684"},{"taxonomy":"post_tag","embeddable":true,"href":"https:\/\/cecasfundacio.cat\/es_es\/wp-json\/wp\/v2\/tags?post=18684"}],"curies":[{"name":"wp","href":"https:\/\/api.w.org\/{rel}","templated":true}]}}